{"id":563,"date":"2018-09-12T17:54:58","date_gmt":"2018-09-12T19:54:58","guid":{"rendered":"https:\/\/www.conversasdocoracao.com.br\/blog\/?p=563"},"modified":"2018-09-19T17:59:20","modified_gmt":"2018-09-19T19:59:20","slug":"a-historia-de-roberto-2","status":"publish","type":"post","link":"https:\/\/www.conversasdocoracao.com.br\/blog\/2018\/09\/12\/a-historia-de-roberto-2\/","title":{"rendered":"A HIST\u00d3RIA DE ROBERTO! (BUSCA DA IDENTIDADE)"},"content":{"rendered":"<p>Cada paciente que chega me traz um grande aprendizado! Penso que essa troca faz parte da constru\u00e7\u00e3o que nos permitimos nesse mundo! Quero focar aqui a import\u00e2ncia de nossos afetos, de como recebemos e expressamos\u00a0esses afetos! Muitas vezes temos dificuldades na capacidade de express\u00e3o! Podemos desenvolver bloqueios\u00a0 na forma\u00e7\u00e3o de nosso car\u00e1ter, dependendo da educa\u00e7\u00e3o que recebemos\u00a0e de nossa hist\u00f3ria de vida! Essas defesas podem impedir a manifesta\u00e7\u00e3o dos conte\u00fados, em maior ou menor grau. O caso que descreverei \u00e9 um bom exemplo. H\u00e1 algum tempo recebi o telefonema de um homem que chamarei de &#8216;ROBERTO&#8221;!\u00a0Dizia estar desesperado, precisava ser ouvido! Se sentia muito mal e sozinho! Tinha sido encaminhado por uma\u00a0antiga paciente. Marcamos a entrevista!\u00a0Quando o recebi, estava visivelmente alterado, nervoso, tentando ser simp\u00e1tico! No decorrer da conversa foi se acalmando e tentando verbalizar o conflito que vivia. Fui entendendo seus dramas e afli\u00e7\u00f5es! Em seu relato falou da dif\u00edcil rela\u00e7\u00e3o\u00a0que viveu com seu pai, um homem austero,\u00a0r\u00edgido\u00a0e centralizador que n\u00e3o sabia respeitar o outro! Isso foi uma constante na rela\u00e7\u00e3o de ambos. Roberto n\u00e3o se sentia amado e nem respeitado por esse pai. A rela\u00e7\u00e3o tinha sido insustent\u00e1vel! O pai repetidamente o desqualificava! Exigia que respondesse \u00e0 sua expectativa e como isso n\u00e3o acontecia n\u00e3o perdia a chance de o humilhar! Roberto se sentia impotente! Toda essa situa\u00e7\u00e3o vivida desestabilizou intensamente seu emocional. Desesperado n\u00e3o teve outra sa\u00edda sen\u00e3o romper a rela\u00e7\u00e3o! &#8220;FERIDA\u00a0 ABERTA&#8221;! Longe desse pai,&#8221; ROBERTO&#8221; ficou ainda mais fragilizado! Sentia-se anulado, sem identidade! N\u00e3o conseguia trabalhar e nem namorar! Esse pai se tornou um tirano dentro do seu peito! Durante o processo terap\u00eautico precisou se olhar pelo avesso. Teve que reconhecer car\u00eancias e frustra\u00e7\u00f5es que tinham se formado em seu mundo interno. Encarou de frente! Na medida em que foi se sentindo mais fortalecido foi desconstruindo esse pai internalizado. Pode at\u00e9 encontrar alguns aspectos de amor na rela\u00e7\u00e3o vivida e reconhecer que poderiam fazer parte\u00a0 da nova constru\u00e7\u00e3o! Uma nova imagem de pai surgia e concomitantemente um novo ROBERTO! O perd\u00e3o pediu licen\u00e7a! Finalmente havia uma semente \u00e0 ser geminada! Depois de algum tempo, j\u00e1 fortalecido, partiu em busca do pai real! Foi acolhido com certa timidez! Nesse novo contato soube, que assim como ele, seu pai tinha tamb\u00e9m v\u00edtima de seu av\u00f4! O pai de Roberto tamb\u00e9m tinha sido v\u00edtima de seu av\u00f4 paterno. Ele inconscientemente, repetia com ele, o modelo vivido. O perd\u00e3o trouxe transforma\u00e7\u00f5es maravilhosas! As situa\u00e7\u00f5es mal resolvidas foram renegociadas no sil\u00eancio do cora\u00e7\u00e3o! Uma nova identidade come\u00e7ou a nascer!<\/p>\n","protected":false},"excerpt":{"rendered":"<p>Cada paciente que chega me traz um grande aprendizado! Penso que essa troca faz parte da constru\u00e7\u00e3o que nos permitimos nesse mundo! Quero focar aqui a import\u00e2ncia de nossos afetos, de como recebemos e expressamos\u00a0esses afetos! Muitas vezes temos dificuldades na capacidade de express\u00e3o! Podemos desenvolver bloqueios\u00a0 na forma\u00e7\u00e3o de nosso car\u00e1ter, dependendo da educa\u00e7\u00e3o &hellip; <a href=\"https:\/\/www.conversasdocoracao.com.br\/blog\/2018\/09\/12\/a-historia-de-roberto-2\/\" class=\"more-link\">Continue lendo<span class=\"screen-reader-text\"> &#8220;A HIST\u00d3RIA DE ROBERTO! (BUSCA DA IDENTIDADE)&#8221;<\/span><\/a><\/p>\n","protected":false},"author":2,"featured_media":0,"comment_status":"open","ping_status":"open","sticky":false,"template":"","format":"standard","meta":[],"categories":[1],"tags":[],"_links":{"self":[{"href":"https:\/\/www.conversasdocoracao.com.br\/blog\/wp-json\/wp\/v2\/posts\/563"}],"collection":[{"href":"https:\/\/www.conversasdocoracao.com.br\/blog\/wp-json\/wp\/v2\/posts"}],"about":[{"href":"https:\/\/www.conversasdocoracao.com.br\/blog\/wp-json\/wp\/v2\/types\/post"}],"author":[{"embeddable":true,"href":"https:\/\/www.conversasdocoracao.com.br\/blog\/wp-json\/wp\/v2\/users\/2"}],"replies":[{"embeddable":true,"href":"https:\/\/www.conversasdocoracao.com.br\/blog\/wp-json\/wp\/v2\/comments?post=563"}],"version-history":[{"count":4,"href":"https:\/\/www.conversasdocoracao.com.br\/blog\/wp-json\/wp\/v2\/posts\/563\/revisions"}],"predecessor-version":[{"id":584,"href":"https:\/\/www.conversasdocoracao.com.br\/blog\/wp-json\/wp\/v2\/posts\/563\/revisions\/584"}],"wp:attachment":[{"href":"https:\/\/www.conversasdocoracao.com.br\/blog\/wp-json\/wp\/v2\/media?parent=563"}],"wp:term":[{"taxonomy":"category","embeddable":true,"href":"https:\/\/www.conversasdocoracao.com.br\/blog\/wp-json\/wp\/v2\/categories?post=563"},{"taxonomy":"post_tag","embeddable":true,"href":"https:\/\/www.conversasdocoracao.com.br\/blog\/wp-json\/wp\/v2\/tags?post=563"}],"curies":[{"name":"wp","href":"https:\/\/api.w.org\/{rel}","templated":true}]}}