{"id":642,"date":"2018-09-27T17:19:41","date_gmt":"2018-09-27T19:19:41","guid":{"rendered":"https:\/\/www.conversasdocoracao.com.br\/blog\/?p=642"},"modified":"2018-09-29T21:06:05","modified_gmt":"2018-09-29T23:06:05","slug":"vizinho-do-lado-fantasia","status":"publish","type":"post","link":"https:\/\/www.conversasdocoracao.com.br\/blog\/2018\/09\/27\/vizinho-do-lado-fantasia\/","title":{"rendered":"VIZINHO DO LADO! (FANTASIA)!"},"content":{"rendered":"<p>Tenho andado muito excitada com alguns encontros casuais que tenho vivido, nos \u00faltimos dois meses! Tamb\u00e9m pudera, n\u00e3o deve ser f\u00e1cil pra qualquer mortal! Trata-se de um homem\u00a0que tem uma sensualidade incr\u00edvel,\u00a0seus olhos emitem uma luz, que paralisa os meus sentidos!\u00a0Ontem, distra\u00edda no elevador,\u00a0quando parou no quinto andar, essa tenta\u00e7\u00e3o,\u00a0subitamente entrou! Gelei! Fiquei transtornada!\u00a0Frio na barriga! Rubor no rosto! Pernas tremendo! Uf! Muito lindo! Uma camisa\u00a0verde, igual a seus olhos, que\u00a0refletia aquela energia m\u00e1gica e um convite proibido! Pensei, n\u00e3o posso ceder! N\u00e3o devo! N\u00e3o \u00e9 justo!\u00a0Pensei no meu casamento! Pensei em meu marido!\u00a0Resolvi, naquele segundo, n\u00e3o alimentar essa fantasia que poderia destruir minha vida. Tudo foi t\u00e3o r\u00e1pido! De repente o elevador parou na garagem! Desci apressadamente, nem consegui falar\u00a0&#8221; tchau&#8221;!\u00a0Fui andando sem olhar para tr\u00e1s, quase correndo, ofegante,\u00a0at\u00e9\u00a0chegar ao meu\u00a0carro estacionado! Assim que entrei e\u00a0dei a partida,\u00a0escuto algu\u00e9m me chamando com insist\u00eancia. Olhei pelo retrovisor, n\u00e3o acreditei! &#8220;A tenta\u00e7\u00e3o de olhos verdes estava com minha blusa vermelha nas m\u00e3os, que em meio\u00a0\u00e0 correria, nem percebi que tinha deixado cair.\u00a0Desta vez, n\u00e3o tive como evitar seu olhar! Foi incr\u00edvel o que senti! Ele, assim como eu, tamb\u00e9m estava visivelmente alterado e tr\u00eamulo!\u00a0N\u00e3o sei bem o que aconteceu, s\u00f3 sei que desci do carro e\u00a0num impulso\u00a0acalentado, nos\u00a0entregamos e\u00a0 nos beijamos\u00a0ardentemente!\u00a0Foi o beijo\u00a0derradeiro!<\/p>\n","protected":false},"excerpt":{"rendered":"<p>Tenho andado muito excitada com alguns encontros casuais que tenho vivido, nos \u00faltimos dois meses! Tamb\u00e9m pudera, n\u00e3o deve ser f\u00e1cil pra qualquer mortal! Trata-se de um homem\u00a0que tem uma sensualidade incr\u00edvel,\u00a0seus olhos emitem uma luz, que paralisa os meus sentidos!\u00a0Ontem, distra\u00edda no elevador,\u00a0quando parou no quinto andar, essa tenta\u00e7\u00e3o,\u00a0subitamente entrou! Gelei! Fiquei transtornada!\u00a0Frio na &hellip; <a href=\"https:\/\/www.conversasdocoracao.com.br\/blog\/2018\/09\/27\/vizinho-do-lado-fantasia\/\" class=\"more-link\">Continue lendo<span class=\"screen-reader-text\"> &#8220;VIZINHO DO LADO! (FANTASIA)!&#8221;<\/span><\/a><\/p>\n","protected":false},"author":2,"featured_media":0,"comment_status":"open","ping_status":"open","sticky":false,"template":"","format":"standard","meta":[],"categories":[1],"tags":[],"_links":{"self":[{"href":"https:\/\/www.conversasdocoracao.com.br\/blog\/wp-json\/wp\/v2\/posts\/642"}],"collection":[{"href":"https:\/\/www.conversasdocoracao.com.br\/blog\/wp-json\/wp\/v2\/posts"}],"about":[{"href":"https:\/\/www.conversasdocoracao.com.br\/blog\/wp-json\/wp\/v2\/types\/post"}],"author":[{"embeddable":true,"href":"https:\/\/www.conversasdocoracao.com.br\/blog\/wp-json\/wp\/v2\/users\/2"}],"replies":[{"embeddable":true,"href":"https:\/\/www.conversasdocoracao.com.br\/blog\/wp-json\/wp\/v2\/comments?post=642"}],"version-history":[{"count":5,"href":"https:\/\/www.conversasdocoracao.com.br\/blog\/wp-json\/wp\/v2\/posts\/642\/revisions"}],"predecessor-version":[{"id":649,"href":"https:\/\/www.conversasdocoracao.com.br\/blog\/wp-json\/wp\/v2\/posts\/642\/revisions\/649"}],"wp:attachment":[{"href":"https:\/\/www.conversasdocoracao.com.br\/blog\/wp-json\/wp\/v2\/media?parent=642"}],"wp:term":[{"taxonomy":"category","embeddable":true,"href":"https:\/\/www.conversasdocoracao.com.br\/blog\/wp-json\/wp\/v2\/categories?post=642"},{"taxonomy":"post_tag","embeddable":true,"href":"https:\/\/www.conversasdocoracao.com.br\/blog\/wp-json\/wp\/v2\/tags?post=642"}],"curies":[{"name":"wp","href":"https:\/\/api.w.org\/{rel}","templated":true}]}}