{"id":650,"date":"2018-10-02T16:15:53","date_gmt":"2018-10-02T18:15:53","guid":{"rendered":"https:\/\/www.conversasdocoracao.com.br\/blog\/?p=650"},"modified":"2018-10-03T17:09:35","modified_gmt":"2018-10-03T19:09:35","slug":"o-drogado-alma-vazia","status":"publish","type":"post","link":"https:\/\/www.conversasdocoracao.com.br\/blog\/2018\/10\/02\/o-drogado-alma-vazia\/","title":{"rendered":"O DROGADO! (ALMA VAZIA)"},"content":{"rendered":"<p>Alma preenchida, sin\u00f4nimo de vida plena! A plenitude \u00e9 um estado energ\u00e9tico de profundo equil\u00edbrio emocional! N\u00e3o \u00e9 necess\u00e1rio buscar outras fontes! A vida parece leve e com ritmo pr\u00f3prio. \u00c9 pra poucos! Tive um paciente, Rafael, jovem de vinte e seis anos, num quadro emocional muito dif\u00edcil pra ele administrar! Estava ancorado num n\u00facleo confusional muito acentuado, com grandes dificuldades de focar objetivos e metas. A vida pra ele n\u00e3o tinha sentido algum! Se perdia nos fatos, sem a menor import\u00e2ncia no dia\/dia!\u00a0 Tinha momentos em que o vazio era tanto, que sentindo que iria entrar em depress\u00e3o, se drogava muito! Depois de um tempo fumando maconha, ela j\u00e1 n\u00e3o satisfazia suas necessidades. Precisava de drogas mais pesadas! Foi desta forma que acostumou a se preencher! Assim foi se enganando! Ficou por muito tempo!!! Normalmente entrava numa enorme depress\u00e3o ap\u00f3s o efeito da droga e, quando isso acontecia, consumia mais droga ainda, tentando parar de sofrer! Esse quadro emocional virou um ciclo vicioso! Rafael vinha de uma fam\u00edlia desestruturada, com um pai extremamente austero e r\u00edgido! Tinha uma m\u00e3e\u00a0 com identidade fragilizada\u00a0 e uma irm\u00e3 que tentava driblar os grandes conflitos e ang\u00fastias gerado por seus pais. Ela buscava seu pr\u00f3prio equil\u00edbrio, fazendo terapia,\u00a0 tentando organizar a cabe\u00e7a! O pai sempre exigiu de RAFAEL, o reflexo de si pr\u00f3prio, em todos os n\u00edveis! Por ele n\u00e3o responder as suas expectativas, esse pai o desqualificava e o criticava, exaustivamente! Essa rejei\u00e7\u00e3o tornou a vida do mo\u00e7o insuport\u00e1vel! Ele tentou fugir desse sofrimento entrando nas drogas! No in\u00edcio era s\u00f3 maconha, depois, quando isso j\u00e1 n\u00e3o abastecia sua enorme car\u00eancia, foi entrando em drogas mais pesadas! Foi se transformando numa caricatura de si pr\u00f3prio. Extremamente magro, n\u00e3o queria mais se alimentar entrando num caminho com poucas chances de volta. Analisando seu car\u00e1ter, notava-se uma enorme imaturidade emocional. Ele se expressava como um menino assustado diante da vida! A rela\u00e7\u00e3o emocional vivida no campo familiar inviabilizou seu amadurecimento, tornando-o um adulto-crian\u00e7a! N\u00e3o houve chances desenvolver autonomia e auto- confian\u00e7a! Teve muito medo de crescer e se expressar nas diversas fases da vida! N\u00e3o houve acolhimento! Com um tratamento prolongado, no seu ritmo, foi enfrentando as dores caladas e as frustra\u00e7\u00f5es mal resolvidas de sua vida! Depois de um bom tempo percebeu que podia ser ele mesmo, com qualidades e defeitos! Foi buscando o seu melhor! Se aceitando!\u00a0 Reconhecendo sua for\u00e7a, percebeu que era mais forte do que as drogas que o dominavam! LIBERTOU-SE!<\/p>\n","protected":false},"excerpt":{"rendered":"<p>Alma preenchida, sin\u00f4nimo de vida plena! A plenitude \u00e9 um estado energ\u00e9tico de profundo equil\u00edbrio emocional! N\u00e3o \u00e9 necess\u00e1rio buscar outras fontes! A vida parece leve e com ritmo pr\u00f3prio. \u00c9 pra poucos! Tive um paciente, Rafael, jovem de vinte e seis anos, num quadro emocional muito dif\u00edcil pra ele administrar! Estava ancorado num n\u00facleo &hellip; <a href=\"https:\/\/www.conversasdocoracao.com.br\/blog\/2018\/10\/02\/o-drogado-alma-vazia\/\" class=\"more-link\">Continue lendo<span class=\"screen-reader-text\"> &#8220;O DROGADO! (ALMA VAZIA)&#8221;<\/span><\/a><\/p>\n","protected":false},"author":2,"featured_media":0,"comment_status":"open","ping_status":"open","sticky":false,"template":"","format":"standard","meta":[],"categories":[1],"tags":[],"_links":{"self":[{"href":"https:\/\/www.conversasdocoracao.com.br\/blog\/wp-json\/wp\/v2\/posts\/650"}],"collection":[{"href":"https:\/\/www.conversasdocoracao.com.br\/blog\/wp-json\/wp\/v2\/posts"}],"about":[{"href":"https:\/\/www.conversasdocoracao.com.br\/blog\/wp-json\/wp\/v2\/types\/post"}],"author":[{"embeddable":true,"href":"https:\/\/www.conversasdocoracao.com.br\/blog\/wp-json\/wp\/v2\/users\/2"}],"replies":[{"embeddable":true,"href":"https:\/\/www.conversasdocoracao.com.br\/blog\/wp-json\/wp\/v2\/comments?post=650"}],"version-history":[{"count":5,"href":"https:\/\/www.conversasdocoracao.com.br\/blog\/wp-json\/wp\/v2\/posts\/650\/revisions"}],"predecessor-version":[{"id":659,"href":"https:\/\/www.conversasdocoracao.com.br\/blog\/wp-json\/wp\/v2\/posts\/650\/revisions\/659"}],"wp:attachment":[{"href":"https:\/\/www.conversasdocoracao.com.br\/blog\/wp-json\/wp\/v2\/media?parent=650"}],"wp:term":[{"taxonomy":"category","embeddable":true,"href":"https:\/\/www.conversasdocoracao.com.br\/blog\/wp-json\/wp\/v2\/categories?post=650"},{"taxonomy":"post_tag","embeddable":true,"href":"https:\/\/www.conversasdocoracao.com.br\/blog\/wp-json\/wp\/v2\/tags?post=650"}],"curies":[{"name":"wp","href":"https:\/\/api.w.org\/{rel}","templated":true}]}}