{"id":662,"date":"2018-10-09T15:53:08","date_gmt":"2018-10-09T17:53:08","guid":{"rendered":"https:\/\/www.conversasdocoracao.com.br\/blog\/?p=662"},"modified":"2019-02-08T20:27:08","modified_gmt":"2019-02-08T22:27:08","slug":"morcego-colorido-busca-de-si-mesma","status":"publish","type":"post","link":"https:\/\/www.conversasdocoracao.com.br\/blog\/2018\/10\/09\/morcego-colorido-busca-de-si-mesma\/","title":{"rendered":"MORCEGO COLORIDO ( IMATURIDADE EMOCIONAL)"},"content":{"rendered":"<p>Como \u00e9 gostoso aquele chamego! Aquele beijo no pesco\u00e7o! Aquele abra\u00e7o quente! Nossa!!! A sensa\u00e7\u00e3o \u00e9 t\u00e3o intensa que chega a amolecer as pernas! Naquele momento a gente esquece de tudo! Fica nas nuvens! Quando esse carinho vem desintegrado de cumplicidade e respeito \u00e0 identidade do outro, resulta num grande desgaste dessa rela\u00e7\u00e3o! H\u00e1 rela\u00e7\u00f5es que funcionam com esse padr\u00e3o, por um tempo ou por longo tempo. V\u00e3o depender de como foram constru\u00eddas e o &#8220;jeit\u00e3o&#8221;, de cada casal! Um tempinho atr\u00e1s, recebi em meu consult\u00f3rio uma linda mo\u00e7a com o nome de &#8220;FLOR&#8221;! Era uma pessoa delicada e muito cheirosa. Fazia jus ao nome! Tinha uma pele macia, lembrando &#8220;p\u00eassego&#8221;, e um sorriso encantador! FLOR estava com vinte e oito anos, mal vividos no amor! Tinha uma sensibilidade muito agu\u00e7ada e timidez respeit\u00e1vel.\u00a0 &#8221; UM FOGO INTERNO&#8221;\u00a0queimando\u00a0suas entranhas! Ouvia elogios sobre sua beleza, mas na verdade, n\u00e3o se sentia assim. Suas hist\u00f3rias nos relacionamentos era assustadora de,&#8221; auto- anula\u00e7\u00e3o&#8221;! Com seu jeitinho delicado e indefeso, era facilmente seduzida com palavras sedutoras, esvaziados de amor! Havia algo nela que a impossibilitava de atrair pessoas equilibradas e dispon\u00edveis\u00a0 \u00e0 amar!\u00a0 Estava quase desistindo de ser feliz! Dessa forma ela relatou sua queixa no nosso primeiro encontro. Estava t\u00e3o\u00a0 desencantada pela vida, pelos homens, como se eles tivessem tido o poder de lhe causar tanto desencanto! N\u00e3o sabia onde estava o erro! Segundo o seu relato, no in\u00edcio de seus envolvimentos, era tratada como uma rainha. Cheia de mimos e carinhos. Soberana! Com o passar do tempo percebia sua energia sugada e n\u00e3o entendia muito o porque! Sentia-se esmorecida e de certa forma perdia a vontade de estar naquele envolvimento.! Havia um vazio interno que n\u00e3o compreendia! Terminou v\u00e1rias rela\u00e7\u00f5es por se sentir assim!\u00a0 Esse padr\u00e3o emocional j\u00e1 n\u00e3o dava mais pra ela bancar. Na verdade nunca se sentia amada! Come\u00e7ou a ter crise de depress\u00e3o! Numa dessas fases, quase deu um fim a vida! Sentia-se v\u00edtima do destino. Sem sa\u00edda! Por ter muito medo de perder o pouco de vitalidade que ainda sobrava, buscou ajuda na terapia. Depois de algum tempo de tratamento, pode identificar que seu pr\u00f3prio\u00a0comportamento \u00a0alimentava esse tipo de situa\u00e7\u00e3o, que tanto lhe fazia mal! Percebeu que em suas rela\u00e7\u00f5es,\u00a0 havia da parte dela escolhas inadequadas. Ela estava afastada\u00a0de seu cora\u00e7\u00e3o! Tinha uma necessidade muito grande de agradar o outro, muitas vezes em detrimento de si pr\u00f3pria. Se entregava de tal maneira sem entrar em contato com\u00a0 seus sentimentos! Identificou tamb\u00e9m\u00a0 que s\u00f3 atraia pessoas desajustadas, com dificuldades de relacionamento adulto e equilibrado. Essas pessoas, assim como ela, estavam afastadas de seus cora\u00e7\u00f5es. O &#8220;MEDO &#8220;, de rejei\u00e7\u00e3o e abandono fazia com que&#8221;\u00a0FL\u00d4R&#8221; aceitasse tudo do outro. Sem nenhuma discrimina\u00e7\u00e3o. Se anulava como pessoa! Em terapia pode ir assumindo as r\u00e9deas profundas de sua vida e buscar a mulher perdida dentro de si! Ainda est\u00e1 buscando conhecer seu jardim e semear suas flores! Desta vez com escolhas conscientes!<\/p>\n","protected":false},"excerpt":{"rendered":"<p>Como \u00e9 gostoso aquele chamego! Aquele beijo no pesco\u00e7o! Aquele abra\u00e7o quente! Nossa!!! A sensa\u00e7\u00e3o \u00e9 t\u00e3o intensa que chega a amolecer as pernas! Naquele momento a gente esquece de tudo! Fica nas nuvens! Quando esse carinho vem desintegrado de cumplicidade e respeito \u00e0 identidade do outro, resulta num grande desgaste dessa rela\u00e7\u00e3o! H\u00e1 rela\u00e7\u00f5es &hellip; <a href=\"https:\/\/www.conversasdocoracao.com.br\/blog\/2018\/10\/09\/morcego-colorido-busca-de-si-mesma\/\" class=\"more-link\">Continue lendo<span class=\"screen-reader-text\"> &#8220;MORCEGO COLORIDO ( IMATURIDADE EMOCIONAL)&#8221;<\/span><\/a><\/p>\n","protected":false},"author":2,"featured_media":0,"comment_status":"open","ping_status":"open","sticky":false,"template":"","format":"standard","meta":[],"categories":[1],"tags":[],"_links":{"self":[{"href":"https:\/\/www.conversasdocoracao.com.br\/blog\/wp-json\/wp\/v2\/posts\/662"}],"collection":[{"href":"https:\/\/www.conversasdocoracao.com.br\/blog\/wp-json\/wp\/v2\/posts"}],"about":[{"href":"https:\/\/www.conversasdocoracao.com.br\/blog\/wp-json\/wp\/v2\/types\/post"}],"author":[{"embeddable":true,"href":"https:\/\/www.conversasdocoracao.com.br\/blog\/wp-json\/wp\/v2\/users\/2"}],"replies":[{"embeddable":true,"href":"https:\/\/www.conversasdocoracao.com.br\/blog\/wp-json\/wp\/v2\/comments?post=662"}],"version-history":[{"count":6,"href":"https:\/\/www.conversasdocoracao.com.br\/blog\/wp-json\/wp\/v2\/posts\/662\/revisions"}],"predecessor-version":[{"id":859,"href":"https:\/\/www.conversasdocoracao.com.br\/blog\/wp-json\/wp\/v2\/posts\/662\/revisions\/859"}],"wp:attachment":[{"href":"https:\/\/www.conversasdocoracao.com.br\/blog\/wp-json\/wp\/v2\/media?parent=662"}],"wp:term":[{"taxonomy":"category","embeddable":true,"href":"https:\/\/www.conversasdocoracao.com.br\/blog\/wp-json\/wp\/v2\/categories?post=662"},{"taxonomy":"post_tag","embeddable":true,"href":"https:\/\/www.conversasdocoracao.com.br\/blog\/wp-json\/wp\/v2\/tags?post=662"}],"curies":[{"name":"wp","href":"https:\/\/api.w.org\/{rel}","templated":true}]}}