{"id":733,"date":"2018-11-28T12:57:56","date_gmt":"2018-11-28T14:57:56","guid":{"rendered":"https:\/\/www.conversasdocoracao.com.br\/blog\/?p=733"},"modified":"2019-02-08T00:51:34","modified_gmt":"2019-02-08T02:51:34","slug":"queria-te-falar-preconceito","status":"publish","type":"post","link":"https:\/\/www.conversasdocoracao.com.br\/blog\/2018\/11\/28\/queria-te-falar-preconceito\/","title":{"rendered":"QUERIA TE FALAR!  (PRECONCEITO)"},"content":{"rendered":"<p>Estou numa confus\u00e3o danada.\u00a0 J\u00e1 nem sei ao certo por onde devo come\u00e7ar ! Estou apaixonada ou n\u00e3o? Tudo come\u00e7ou t\u00e3o natural. A nossa hist\u00f3ria \u00e9 muito antiga, somos amigos h\u00e1 tanto tempo! Tenho a impress\u00e3o de que a gente se conhece de outras vidas. Lembra quando t\u00ednhamos oito anos?\u00a0 Naquele tempo era s\u00f3 brincadeira e divers\u00e3o. Voc\u00ea vivia\u00a0 me dizendo que era mais velho que eu, imagina, s\u00f3 vinte dias de diferen\u00e7a. S\u00f3 voc\u00ea mesmo! A gente ria de tudo, simplesmente. E aquela vez na igreja quando eu tive um ataque de riso?\u00a0 N\u00e3o conseguia parar de rir, era mais forte que eu! Todas as pessoas olhando com censura! Lembro tamb\u00e9m, que sua m\u00e3e era muito chata, ela n\u00e3o falava, gritava&#8230; Hoje eu entendo! Era uma pessoa\u00a0muito nervosa, descontrolada; tamb\u00e9m pudera, ter que viver com aquele babaca de seu pai. Galinha e mulherengo! Para ele, qualquer rabo de saia servia. Pensando bem, a dona Gl\u00f3ria, sua m\u00e3e, era uma coitada,\u00a0 acho que\u00a0 nunca foi feliz! Sempre mal cuidada, trazendo uma imagem de sofrimento!\u00a0 N\u00e3o tinha\u00a0 vaidade nenhuma! Pior ainda quando seu pai come\u00e7ou\u00a0 a se embriagar, de ficar ca\u00eddo na rua! Voc\u00ea queria se esconder daquilo tudo. Morria de vergonha! Sabe, eu era pequena mas percebia toda a sua afli\u00e7\u00e3o!\u00a0 Muitas vezes sentia vontade de te\u00a0alegrar e, na minha cabe\u00e7a, se eu te desse o meu \u00e1lbum de figurinhas voc\u00ea ficaria feliz. Foi o que eu fiz num domingo de sol,quando a gente foi andar de bicicleta. Lembra?\u00a0 Naquele domingo eu tamb\u00e9m, estava muito triste. Minha m\u00e3e\u00a0informou que estava se separando de meu pai. A\u00a0gente iria mudar para outra cidade. Quando te contei, choramos juntos!\u00a0 N\u00e3o teve jeito, quinze dias depois eu j\u00e1 estava morando na casa de minha av\u00f3. No come\u00e7o da nossa separa\u00e7\u00e3o,\u00a0tudo foi\u00a0dif\u00edcil. Al\u00e9m de me separar do meu pai, que sempre foi legal comigo, perdi tamb\u00e9m o meu querido amigo! Sofri muito! Com o passar do\u00a0 tempo, como \u00e9 natural, fui me adaptando \u00e0 nova realidade. Nova escola, novos amigos, mas ningu\u00e9m t\u00e3o especial como voc\u00ea! Hoje, passados quase nove anos, quis o destino que a gente se cruzasse,\u00a0 naquele encontro de estudantes, no m\u00eas passado. Fiquei muito surpresa e feliz! Voc\u00ea n\u00e3o mudou quase nada, s\u00f3 cresceu. E lindo! Voc\u00ea tamb\u00e9m me reconheceu imediatamente. Achei incr\u00edvel.\u00a0A gente n\u00e3o se falava e nem se via h\u00e1 tanto tempo! Conversamos, matamos saudades e combinamos de manter contato,\u00a0apesar de\u00a0ainda morarmos em cidades diferentes. Desde aquele dia, fiquei muito mexida emocionalmente! Tem algo dentro\u00a0 de mim,\u00a0muito\u00a0 forte, que est\u00e1\u00a0 me assustando. N\u00e3o paro de pensar em voc\u00ea! Nem dormir direito estou conseguindo. Me pergunto o que \u00e9 isso.\u00a0 Tem vindo uma resposta que me excita mas que tento\u00a0rejeitar! Resolvi te escrever e encarar essa situa\u00e7\u00e3o de ang\u00fastia e conflito intenso. PODEMOS CONVERSAR?<\/p>\n","protected":false},"excerpt":{"rendered":"<p>Estou numa confus\u00e3o danada.\u00a0 J\u00e1 nem sei ao certo por onde devo come\u00e7ar ! Estou apaixonada ou n\u00e3o? Tudo come\u00e7ou t\u00e3o natural. A nossa hist\u00f3ria \u00e9 muito antiga, somos amigos h\u00e1 tanto tempo! Tenho a impress\u00e3o de que a gente se conhece de outras vidas. Lembra quando t\u00ednhamos oito anos?\u00a0 Naquele tempo era s\u00f3 brincadeira &hellip; <a href=\"https:\/\/www.conversasdocoracao.com.br\/blog\/2018\/11\/28\/queria-te-falar-preconceito\/\" class=\"more-link\">Continue lendo<span class=\"screen-reader-text\"> &#8220;QUERIA TE FALAR!  (PRECONCEITO)&#8221;<\/span><\/a><\/p>\n","protected":false},"author":2,"featured_media":0,"comment_status":"open","ping_status":"open","sticky":false,"template":"","format":"standard","meta":[],"categories":[1],"tags":[],"_links":{"self":[{"href":"https:\/\/www.conversasdocoracao.com.br\/blog\/wp-json\/wp\/v2\/posts\/733"}],"collection":[{"href":"https:\/\/www.conversasdocoracao.com.br\/blog\/wp-json\/wp\/v2\/posts"}],"about":[{"href":"https:\/\/www.conversasdocoracao.com.br\/blog\/wp-json\/wp\/v2\/types\/post"}],"author":[{"embeddable":true,"href":"https:\/\/www.conversasdocoracao.com.br\/blog\/wp-json\/wp\/v2\/users\/2"}],"replies":[{"embeddable":true,"href":"https:\/\/www.conversasdocoracao.com.br\/blog\/wp-json\/wp\/v2\/comments?post=733"}],"version-history":[{"count":7,"href":"https:\/\/www.conversasdocoracao.com.br\/blog\/wp-json\/wp\/v2\/posts\/733\/revisions"}],"predecessor-version":[{"id":858,"href":"https:\/\/www.conversasdocoracao.com.br\/blog\/wp-json\/wp\/v2\/posts\/733\/revisions\/858"}],"wp:attachment":[{"href":"https:\/\/www.conversasdocoracao.com.br\/blog\/wp-json\/wp\/v2\/media?parent=733"}],"wp:term":[{"taxonomy":"category","embeddable":true,"href":"https:\/\/www.conversasdocoracao.com.br\/blog\/wp-json\/wp\/v2\/categories?post=733"},{"taxonomy":"post_tag","embeddable":true,"href":"https:\/\/www.conversasdocoracao.com.br\/blog\/wp-json\/wp\/v2\/tags?post=733"}],"curies":[{"name":"wp","href":"https:\/\/api.w.org\/{rel}","templated":true}]}}