{"id":742,"date":"2018-11-30T20:32:35","date_gmt":"2018-11-30T22:32:35","guid":{"rendered":"https:\/\/www.conversasdocoracao.com.br\/blog\/?p=742"},"modified":"2018-11-30T21:36:49","modified_gmt":"2018-11-30T23:36:49","slug":"viagem-interrompida","status":"publish","type":"post","link":"https:\/\/www.conversasdocoracao.com.br\/blog\/2018\/11\/30\/viagem-interrompida\/","title":{"rendered":"VIAGEM INTERROMPIDA (CORAGEM)"},"content":{"rendered":"<p>Col\u00e9gio interno! Voc\u00eas n\u00e3o sabem como \u00e9 dif\u00edcil para uma crian\u00e7a, sens\u00edvel como eu, ficar isolado de sua fam\u00edlia, de sua fonte de afeto! A cabe\u00e7a come\u00e7a a entrar em pensamentos obsessivos, doentios. Eu buscava\u00a0 os motivos daquela pris\u00e3o.\u00a0 Perguntava pra mim mesmo : -&#8220;o que fiz de errado? &#8220;Porque estou sendo punido &#8220;? A consci\u00eancia vai desenvolvendo defesas pra nos proteger do inimigo oculto. Sim, oculto! N\u00e3o podia imaginar que minha m\u00e3e me desejasse tanto sofrimento. Seria insano pensar isso! Logo ela por quem eu sentia um desejo t\u00e3o grande de estar pr\u00f3ximo. De sentir seu cheiro\u00a0 t\u00e3o gostoso! Seu h\u00e1lito morno!&#8221; SUA PRESEN\u00c7A T\u00c3O FORTE&#8221;! N\u00e3o eu n\u00e3o podia pensar dessa forma.\u00a0Tentava me convencer que\u00a0\u00a0for\u00e7as maiores fizeram com que ela me prendesse, l\u00e1!\u00a0 Pensei muito. Na minha loucura conclu\u00ed que foi\u00a0, &#8220;DEUS&#8221;! Talvez &#8220;ELE&#8221; achasse que seria bom para mim. Ela sempre falava do grande poder e sabedoria\u00a0 que\u00a0&#8221;\u00a0ELE&#8221; tinha! Fiquei nesses intensos conflitos, dias e noites seguidos. O que me aliviava, de vez em quando, eram os momentos de esportes que a gente praticava. L\u00e1 eu soltava parte da raiva contida ! Mas o al\u00edvio era r\u00e1pido,\u00a0\u00e0 noite tudo voltava novamente. Isso virou um ciclo vicioso em minha vida! N\u00e3o dava mais pra aguentar!\u00a0 Lembro que quando chegava as f\u00e9rias de fim de ano, eu me sentia como um passarinho solto da gaiola. Feliz, mas com muito medo de voar. Numa dessas f\u00e9rias, quando j\u00e1 fazia quatro anos de &#8220;c\u00e1rcere&#8221;, resolvi que n\u00e3o voltaria\u00a0 nunca mais pra l\u00e1!\u00a0 Enquanto estive em casa naquelas f\u00e9rias, n\u00e3o contei meu plano \u00e0 ningu\u00e9m. Quando foi chegando a hora da volta, foi batendo\u00a0o desespero! N\u00e3o \u00e9 poss\u00edvel que minha m\u00e3e n\u00e3o percebesse.Ela me conhecia t\u00e3o bem! No dia do regresso\u00a0ela\u00a0 me deu o beijo frio\u00a0 de sempre!\u00a0 Recomendou ju\u00edzo e cuidado! Colocou eu e a\u00a0minha prima no \u00f4nibus que iria\u00a0nos levar\u00a0para o interior, onde era o internato. Ela desceria na metade do caminho. Essa prima tinha\u00a0a mesma idade que eu!\u00a0Estava indo numa festa na casa de uma tia nossa. Era\u00a0anivers\u00e1rio dela! N\u00e3o fui convidado! Havia uma comunica\u00e7\u00e3o n\u00e3o verbal me impedindo de\u00a0expressar a\u00a0enorme tristeza que eu estava sentindo.!\u00a0 Ningu\u00e9m sabia que a minha decis\u00e3o j\u00e1 estava tomada! Na hora em que Carla\u00a0 foi descer do \u00f4nibus, eu, num impulso,\u00a0 desci tamb\u00e9m ! Fui procurar viver a minha festa! Me enchi de coragem!\u00a0 Voltei para casa de meus pais, novamente.\u00a0 Agora com menos algemas mentais!\u00a0 Estava no auge dos horm\u00f4nios e dos sonhos!\u00a0 Rasquei o cora\u00e7\u00e3o! Chorei muito!\u00a0Falei de todas as dores contidas! Da enorme solid\u00e3o e ang\u00fastia que eu\u00a0sofria naquele lugar. Para surpresa minha recebi um enorme abra\u00e7o e acolhimento de minha m\u00e3e. Conheci o mel que estava escondido atr\u00e1s do beijo frio! Nunca mais fugi de mim!<\/p>\n","protected":false},"excerpt":{"rendered":"<p>Col\u00e9gio interno! Voc\u00eas n\u00e3o sabem como \u00e9 dif\u00edcil para uma crian\u00e7a, sens\u00edvel como eu, ficar isolado de sua fam\u00edlia, de sua fonte de afeto! A cabe\u00e7a come\u00e7a a entrar em pensamentos obsessivos, doentios. Eu buscava\u00a0 os motivos daquela pris\u00e3o.\u00a0 Perguntava pra mim mesmo : -&#8220;o que fiz de errado? &#8220;Porque estou sendo punido &#8220;? A &hellip; <a href=\"https:\/\/www.conversasdocoracao.com.br\/blog\/2018\/11\/30\/viagem-interrompida\/\" class=\"more-link\">Continue lendo<span class=\"screen-reader-text\"> &#8220;VIAGEM INTERROMPIDA (CORAGEM)&#8221;<\/span><\/a><\/p>\n","protected":false},"author":2,"featured_media":0,"comment_status":"open","ping_status":"open","sticky":false,"template":"","format":"standard","meta":[],"categories":[1],"tags":[],"_links":{"self":[{"href":"https:\/\/www.conversasdocoracao.com.br\/blog\/wp-json\/wp\/v2\/posts\/742"}],"collection":[{"href":"https:\/\/www.conversasdocoracao.com.br\/blog\/wp-json\/wp\/v2\/posts"}],"about":[{"href":"https:\/\/www.conversasdocoracao.com.br\/blog\/wp-json\/wp\/v2\/types\/post"}],"author":[{"embeddable":true,"href":"https:\/\/www.conversasdocoracao.com.br\/blog\/wp-json\/wp\/v2\/users\/2"}],"replies":[{"embeddable":true,"href":"https:\/\/www.conversasdocoracao.com.br\/blog\/wp-json\/wp\/v2\/comments?post=742"}],"version-history":[{"count":7,"href":"https:\/\/www.conversasdocoracao.com.br\/blog\/wp-json\/wp\/v2\/posts\/742\/revisions"}],"predecessor-version":[{"id":749,"href":"https:\/\/www.conversasdocoracao.com.br\/blog\/wp-json\/wp\/v2\/posts\/742\/revisions\/749"}],"wp:attachment":[{"href":"https:\/\/www.conversasdocoracao.com.br\/blog\/wp-json\/wp\/v2\/media?parent=742"}],"wp:term":[{"taxonomy":"category","embeddable":true,"href":"https:\/\/www.conversasdocoracao.com.br\/blog\/wp-json\/wp\/v2\/categories?post=742"},{"taxonomy":"post_tag","embeddable":true,"href":"https:\/\/www.conversasdocoracao.com.br\/blog\/wp-json\/wp\/v2\/tags?post=742"}],"curies":[{"name":"wp","href":"https:\/\/api.w.org\/{rel}","templated":true}]}}