{"id":778,"date":"2019-01-09T14:19:53","date_gmt":"2019-01-09T16:19:53","guid":{"rendered":"https:\/\/www.conversasdocoracao.com.br\/blog\/?p=778"},"modified":"2023-10-02T23:16:39","modified_gmt":"2023-10-03T02:16:39","slug":"cris-voce-enlouqueceu-inveja","status":"publish","type":"post","link":"https:\/\/www.conversasdocoracao.com.br\/blog\/2019\/01\/09\/cris-voce-enlouqueceu-inveja\/","title":{"rendered":"CRIS, VOC\u00ca ENLOUQUECEU?  (INVEJA)!"},"content":{"rendered":"\r\n<p>Ser\u00e1 que enlouqueci? Andei me perguntando nos \u00faltimos meses. N\u00e3o me reconhecia naquela pessoa agressiva e desorganizada em que eu tinha me transformado. Fui sempre t\u00e3o equilibrada. T\u00e3o organizada! As pessoas at\u00e9 brincavam que eu era muito cerebral. Eu pensava, conclu\u00eda e organizava! Sentimentos? Driblava, facilmente! Porque sofrer por algu\u00e9m? &#8220;Que bobagem!&#8221;; assim eu ia lidava com a minha vida emocional. Incr\u00edvel como eu me\u00a0 sentia muito bem resolvida. Conquistava e largava! Isso me divertia. Dava muito prazer saber que algu\u00e9m sofria por mim! Funcionei assim, at\u00e9 h\u00e1 alguns meses.\u00a0 O casamento de\u00a0 N\u00edvea, minha prima, mudou tudo. Na noite em que N\u00edvea se casou,\u00a0 tudo estava em clima de festa. A noiva\u00a0 com\u00a0 brilho \u00fanico no olhar, irradiando uma felicidade intang\u00edvel. As luzes do ambiente, a festa, a m\u00fasica, tudo m\u00e1gico. Na hora em que eu fui cumprimentar os noivos, senti um &#8220;frio na barriga&#8221;. Essa sensa\u00e7\u00e3o\u00a0 me fez sentir muito estranha,\u00a0 aumentando ainda mais, quando fui abra\u00e7ar N\u00edvea. Percebi que a\u00a0 intensa alegria que ela estava vivendo me incomodou.\u00a0 Seu sorriso radiante me deu certa raiva! Abra\u00e7ando o noivo, aquele homem m\u00e1sculo, forte, cheiroso senti minha libido alterada. Nossa, Confesso que me incomodou. Precisava me afastar dali. Fui me esconder no jardim. N\u00e3o entendia porque n\u00e3o estava suportando a felicidade de minha prima.\u00a0 Acho que queria estar no lugar dela, talvez, que ela nem existisse! Ambivalente, raiva e culpa, martelando em meu peito! Tentei recuperar o bom senso, quando consegui parte disso,\u00a0 voltei \u00e0 festa. Encontrei os noivos\u00a0 dan\u00e7ando alegremente m\u00fasicas pop, samba, rock. Assim que olhei N\u00edvea em cima daquele sapato branco de salto alto, celebrando a vida junto ao marido, desejei que seu salto alto quebrassem ali mesmo.\u00a0 V\u00ea-la com tanta alegria de viver, sangrava o meu cora\u00e7\u00e3o. Naquele r\u00e1pido instante, me odiei.\u00a0 Me senti uma bruxa! Sorrateiramente, fui embora da festa. N\u00e3o dava mais para continuar l\u00e1.\u00a0 Eu estava esvaziada e infeliz. Esse desequil\u00edbrio foi tomando grandes propor\u00e7\u00f5es. N\u00e3o entendia como eu podia ser t\u00e3o m\u00e1!\u00a0 Porque n\u00e3o conseguia me livrar desse sentimento t\u00e3o corrosivo:- &#8221; Roubar de L\u00edvia toda a felicidade que estava vivendo&#8221;.\u00a0 Cheguei at\u00e9 a ficar na d\u00favida se estava apaixonada por Carlos, seu marido. Morria de vergonha de mim mesma. Fui buscar num livro de psicologia alguma explica\u00e7\u00e3o desse turbilh\u00e3o de emo\u00e7\u00f5es. O que descobri me aliviou. Estou em minha d\u00e9cima\u00a0 sess\u00e3o de terapia. Comecei entendendo que sou humana e tenho que aceitar os meus sentimentos. Aprender a lidar com eles. Descobri tamb\u00e9m que n\u00e3o estou apaixonada por Carlos, apenas sou muito carente e mal resolvida. Entre outras coisas, fui mordida pela inveja por eu\u00a0 n\u00e3o ser feliz no amor.\u00a0 Era o doce que eu nunca comi. Quanto aos noivos, fiquei sabendo que est\u00e3o em plena &#8221; lua de mel&#8221;! Sabe que j\u00e1 tor\u00e7o pela felicidade deles!? Entrei em contato com meu cora\u00e7\u00e3o. Estou iniciando uma lua de mel, comigo mesma! Tem um certo gostinho de felicidade no ar. &#8220;Acho que n\u00e3o sou t\u00e3o bruxa assim!&#8221;.<\/p>\r\n","protected":false},"excerpt":{"rendered":"<p>Ser\u00e1 que enlouqueci? Andei me perguntando nos \u00faltimos meses. N\u00e3o me reconhecia naquela pessoa agressiva e desorganizada em que eu tinha me transformado. Fui sempre t\u00e3o equilibrada. T\u00e3o organizada! As pessoas at\u00e9 brincavam que eu era muito cerebral. Eu pensava, conclu\u00eda e organizava! Sentimentos? Driblava, facilmente! Porque sofrer por algu\u00e9m? &#8220;Que bobagem!&#8221;; assim eu ia &hellip; <a href=\"https:\/\/www.conversasdocoracao.com.br\/blog\/2019\/01\/09\/cris-voce-enlouqueceu-inveja\/\" class=\"more-link\">Continue lendo<span class=\"screen-reader-text\"> &#8220;CRIS, VOC\u00ca ENLOUQUECEU?  (INVEJA)!&#8221;<\/span><\/a><\/p>\n","protected":false},"author":2,"featured_media":0,"comment_status":"open","ping_status":"open","sticky":false,"template":"","format":"standard","meta":[],"categories":[1],"tags":[],"_links":{"self":[{"href":"https:\/\/www.conversasdocoracao.com.br\/blog\/wp-json\/wp\/v2\/posts\/778"}],"collection":[{"href":"https:\/\/www.conversasdocoracao.com.br\/blog\/wp-json\/wp\/v2\/posts"}],"about":[{"href":"https:\/\/www.conversasdocoracao.com.br\/blog\/wp-json\/wp\/v2\/types\/post"}],"author":[{"embeddable":true,"href":"https:\/\/www.conversasdocoracao.com.br\/blog\/wp-json\/wp\/v2\/users\/2"}],"replies":[{"embeddable":true,"href":"https:\/\/www.conversasdocoracao.com.br\/blog\/wp-json\/wp\/v2\/comments?post=778"}],"version-history":[{"count":10,"href":"https:\/\/www.conversasdocoracao.com.br\/blog\/wp-json\/wp\/v2\/posts\/778\/revisions"}],"predecessor-version":[{"id":2961,"href":"https:\/\/www.conversasdocoracao.com.br\/blog\/wp-json\/wp\/v2\/posts\/778\/revisions\/2961"}],"wp:attachment":[{"href":"https:\/\/www.conversasdocoracao.com.br\/blog\/wp-json\/wp\/v2\/media?parent=778"}],"wp:term":[{"taxonomy":"category","embeddable":true,"href":"https:\/\/www.conversasdocoracao.com.br\/blog\/wp-json\/wp\/v2\/categories?post=778"},{"taxonomy":"post_tag","embeddable":true,"href":"https:\/\/www.conversasdocoracao.com.br\/blog\/wp-json\/wp\/v2\/tags?post=778"}],"curies":[{"name":"wp","href":"https:\/\/api.w.org\/{rel}","templated":true}]}}