{"id":83,"date":"2016-09-21T16:24:52","date_gmt":"2016-09-21T18:24:52","guid":{"rendered":"https:\/\/www.conversasdocoracao.com.br\/blog\/?p=83"},"modified":"2017-05-09T16:34:38","modified_gmt":"2017-05-09T18:34:38","slug":"o-novo-homem","status":"publish","type":"post","link":"https:\/\/www.conversasdocoracao.com.br\/blog\/2016\/09\/21\/o-novo-homem\/","title":{"rendered":"LIMITES S\u00c3O NECESS\u00c1RIOS (conflito)"},"content":{"rendered":"<p>Acho que estou precisando rever valores. Conclui, que tenho\u00a0permitido que me tratem de uma forma cruel. \u00a0Estou me sentindo humilhada e ofendida. Entendo que na vida, algumas situa\u00e7\u00f5es, devem ser aceitas do jeito que s\u00e3o. N\u00e3o\u00a0d\u00e1 pra mudar, por\u00e9m, aceitar tudo?\u00a0Se anular como pessoa? &#8220;NUNCA&#8221;! A\u00ed, a confus\u00e3o se instala!\u00a0Me perco numa imensa d\u00favida, que dire\u00e7\u00e3o devo\u00a0tomar. E o meu casamento? Que op\u00e7\u00e3o tenho? Posso abandonar tudo? Deixar o tempo acontecer?\u00a0 Continuar nessa auto imagem vazia e infeliz?\u00a0 Isso eu n\u00e3o quero! Existe um leque de op\u00e7\u00f5es, muitas delas, mudaria minha vida radicalmente. Ser\u00e1? Como saber\u00a0sem dizer sim? Penso que se continuar a me sabotar, irei adoecer. Me sinto , em alguns momentos muito fragmentada, energeticamente. Tenho que\u00a0estabelecer e respeitar os meus limites! Limites\u00a0s\u00e3o necess\u00e1rios, pra evitar que eu entre numa &#8220;U.T.I. EMOCIONAL&#8221;! Foi com essa queixa, que L\u00facia, iniciou seu processo terap\u00eautico, h\u00e1 um tempo atr\u00e1s. Hoje, saiu daquele estado emocional ca\u00f3tico,\u00a0restabeleceu sua identidade e busca cuidar melhor de si mesma. J\u00e1 sabe o quer, para ser feliz!<\/p>\n","protected":false},"excerpt":{"rendered":"<p>Acho que estou precisando rever valores. Conclui, que tenho\u00a0permitido que me tratem de uma forma cruel. \u00a0Estou me sentindo humilhada e ofendida. Entendo que na vida, algumas situa\u00e7\u00f5es, devem ser aceitas do jeito que s\u00e3o. N\u00e3o\u00a0d\u00e1 pra mudar, por\u00e9m, aceitar tudo?\u00a0Se anular como pessoa? &#8220;NUNCA&#8221;! A\u00ed, a confus\u00e3o se instala!\u00a0Me perco numa imensa d\u00favida, que &hellip; <a href=\"https:\/\/www.conversasdocoracao.com.br\/blog\/2016\/09\/21\/o-novo-homem\/\" class=\"more-link\">Continue lendo<span class=\"screen-reader-text\"> &#8220;LIMITES S\u00c3O NECESS\u00c1RIOS (conflito)&#8221;<\/span><\/a><\/p>\n","protected":false},"author":2,"featured_media":0,"comment_status":"open","ping_status":"open","sticky":false,"template":"","format":"standard","meta":[],"categories":[1],"tags":[],"_links":{"self":[{"href":"https:\/\/www.conversasdocoracao.com.br\/blog\/wp-json\/wp\/v2\/posts\/83"}],"collection":[{"href":"https:\/\/www.conversasdocoracao.com.br\/blog\/wp-json\/wp\/v2\/posts"}],"about":[{"href":"https:\/\/www.conversasdocoracao.com.br\/blog\/wp-json\/wp\/v2\/types\/post"}],"author":[{"embeddable":true,"href":"https:\/\/www.conversasdocoracao.com.br\/blog\/wp-json\/wp\/v2\/users\/2"}],"replies":[{"embeddable":true,"href":"https:\/\/www.conversasdocoracao.com.br\/blog\/wp-json\/wp\/v2\/comments?post=83"}],"version-history":[{"count":6,"href":"https:\/\/www.conversasdocoracao.com.br\/blog\/wp-json\/wp\/v2\/posts\/83\/revisions"}],"predecessor-version":[{"id":260,"href":"https:\/\/www.conversasdocoracao.com.br\/blog\/wp-json\/wp\/v2\/posts\/83\/revisions\/260"}],"wp:attachment":[{"href":"https:\/\/www.conversasdocoracao.com.br\/blog\/wp-json\/wp\/v2\/media?parent=83"}],"wp:term":[{"taxonomy":"category","embeddable":true,"href":"https:\/\/www.conversasdocoracao.com.br\/blog\/wp-json\/wp\/v2\/categories?post=83"},{"taxonomy":"post_tag","embeddable":true,"href":"https:\/\/www.conversasdocoracao.com.br\/blog\/wp-json\/wp\/v2\/tags?post=83"}],"curies":[{"name":"wp","href":"https:\/\/api.w.org\/{rel}","templated":true}]}}