{"id":87,"date":"2016-09-21T18:59:17","date_gmt":"2016-09-21T20:59:17","guid":{"rendered":"https:\/\/www.conversasdocoracao.com.br\/blog\/?p=87"},"modified":"2018-09-26T17:28:11","modified_gmt":"2018-09-26T19:28:11","slug":"o-medo","status":"publish","type":"post","link":"https:\/\/www.conversasdocoracao.com.br\/blog\/2016\/09\/21\/o-medo\/","title":{"rendered":"&#8220;O MEDO&#8221;  ( TRANSTORNO DE ANSIEDADE)!"},"content":{"rendered":"<p>Quem diria que eu, depois de uma longa\u00a0vida, ainda estaria\u00a0\u00e0 merc\u00ea dos ventos? \u00c9\u00a0dessa forma que me sinto! \u00c0s vezes, no meio da noite, quando o sil\u00eancio administra o meu tempo, revela-se em mim uma alma desamparada! Grandes conflitos\u00a0 emergem! O cora\u00e7\u00e3o dispara! A boca fica seca! Um tremor intenso e\u00a0incontrol\u00e1vel no corpo! Como\u00a0uma crian\u00e7a muito assustada, me sento abruptamente na cama! \u00c9 o medo! Por um tempo, o cora\u00e7\u00e3o insiste em ficar acelerado, n\u00e3o sou mais dona de mim! Tudo isso me conduz a um lugar pouco conhecido e muito assustador! Ser\u00e1 a morte ou um sinal de\u00a0vida? A confus\u00e3o se instala!\u00a0Brigo comigo mesma e me obrigo a sair desse\u00a0estado de \u00a0desequil\u00edbrio!\u00a0Muitas vezes demora uma eternidade! Um\u00a0copo d&#8217;\u00e1gua, em pequenos goles, faz t\u00e3o bem!\u00a0Assim que consigo resgatar um pouco de mim, a consci\u00eancia vai tomando forma,\u00a0 sempre surge um corpo muito cansado! Tento ficar focada apenas nos\u00a0sentimentos e sensa\u00e7\u00f5es presentes. Percebo a for\u00e7a que existe nesse movimento inconsciente, de\u00a0dif\u00edcil acesso.\u00a0Ora me sinto fr\u00e1gil, ora me sinto forte! Tento me entender desesperadamente! Nos momentos em que me recuperei dessas crises, comecei a sentir que todo esse sofrimento, n\u00e3o\u00a0\u00e9 t\u00e3o mal assim. Talvez seja o \u00fanico jeito de\u00a0me conduzir aos caminhos da alma!<\/p>\n","protected":false},"excerpt":{"rendered":"<p>Quem diria que eu, depois de uma longa\u00a0vida, ainda estaria\u00a0\u00e0 merc\u00ea dos ventos? \u00c9\u00a0dessa forma que me sinto! \u00c0s vezes, no meio da noite, quando o sil\u00eancio administra o meu tempo, revela-se em mim uma alma desamparada! Grandes conflitos\u00a0 emergem! O cora\u00e7\u00e3o dispara! A boca fica seca! Um tremor intenso e\u00a0incontrol\u00e1vel no corpo! Como\u00a0uma crian\u00e7a &hellip; <a href=\"https:\/\/www.conversasdocoracao.com.br\/blog\/2016\/09\/21\/o-medo\/\" class=\"more-link\">Continue lendo<span class=\"screen-reader-text\"> &#8220;&#8220;O MEDO&#8221;  ( TRANSTORNO DE ANSIEDADE)!&#8221;<\/span><\/a><\/p>\n","protected":false},"author":2,"featured_media":0,"comment_status":"open","ping_status":"open","sticky":false,"template":"","format":"standard","meta":[],"categories":[1],"tags":[],"_links":{"self":[{"href":"https:\/\/www.conversasdocoracao.com.br\/blog\/wp-json\/wp\/v2\/posts\/87"}],"collection":[{"href":"https:\/\/www.conversasdocoracao.com.br\/blog\/wp-json\/wp\/v2\/posts"}],"about":[{"href":"https:\/\/www.conversasdocoracao.com.br\/blog\/wp-json\/wp\/v2\/types\/post"}],"author":[{"embeddable":true,"href":"https:\/\/www.conversasdocoracao.com.br\/blog\/wp-json\/wp\/v2\/users\/2"}],"replies":[{"embeddable":true,"href":"https:\/\/www.conversasdocoracao.com.br\/blog\/wp-json\/wp\/v2\/comments?post=87"}],"version-history":[{"count":6,"href":"https:\/\/www.conversasdocoracao.com.br\/blog\/wp-json\/wp\/v2\/posts\/87\/revisions"}],"predecessor-version":[{"id":640,"href":"https:\/\/www.conversasdocoracao.com.br\/blog\/wp-json\/wp\/v2\/posts\/87\/revisions\/640"}],"wp:attachment":[{"href":"https:\/\/www.conversasdocoracao.com.br\/blog\/wp-json\/wp\/v2\/media?parent=87"}],"wp:term":[{"taxonomy":"category","embeddable":true,"href":"https:\/\/www.conversasdocoracao.com.br\/blog\/wp-json\/wp\/v2\/categories?post=87"},{"taxonomy":"post_tag","embeddable":true,"href":"https:\/\/www.conversasdocoracao.com.br\/blog\/wp-json\/wp\/v2\/tags?post=87"}],"curies":[{"name":"wp","href":"https:\/\/api.w.org\/{rel}","templated":true}]}}