{"id":894,"date":"2019-02-21T17:06:53","date_gmt":"2019-02-21T19:06:53","guid":{"rendered":"https:\/\/www.conversasdocoracao.com.br\/blog\/?p=894"},"modified":"2019-02-21T17:07:10","modified_gmt":"2019-02-21T19:07:10","slug":"muito-prazer-um-sonho-de-auto-descoberta","status":"publish","type":"post","link":"https:\/\/www.conversasdocoracao.com.br\/blog\/2019\/02\/21\/muito-prazer-um-sonho-de-auto-descoberta\/","title":{"rendered":"MUITO PRAZER! ( UM SONHO DE AUTO DESCOBERTA)"},"content":{"rendered":"<p>Estava ficando maluca. Minha cabe\u00e7a pesava tanto! O pesco\u00e7o estava\u00a0dolorido e fr\u00e1gil. Acordei naquela quarta-feira com a sensa\u00e7\u00e3o de\u00a0que um trator tinha passado sobre meu corpo! Estava de p\u00e9ssimo humor. Pudera, toda vez que aquele pesadelo acontecia, eu ficava p\u00e9ssima. Estava cada vez mais recorrente. A cena que ficava mais registrada era a da &#8221; MENINA TRISTE&#8221;! Ela devia ter mais ou menos uns seis anos de idade, tinha uma apar\u00eancia mal cuidada, roupas muito velhas e feias. Um olhar muito triste! O que me chamava mais a aten\u00e7\u00e3o era o nariz escorrendo at\u00e9 a boca\u00a0e a express\u00e3o de medo e abandono. Ela tentava falar algo e sua\u00a0garganta n\u00e3o conseguia emitir som algum. Tentava, tentava! Sua voz n\u00e3o saia! Desesperada, come\u00e7ou a correr\u00a0buscando pedir socorro! N\u00e3o conseguia! Numa afli\u00e7\u00e3o intensa buscava correr cada vez mais, como se assim\u00a0fosse se livrar desse tormento. De repente as pernas ficaram bambas, tremendo, perdendo a for\u00e7a. Ela caiu no ch\u00e3o todo molhado, dentro de uma po\u00e7a de lama. Sempre neste momento eu acordava, ainda sob os efeitos da tremedeira! Depois de ficar quase dois anos nesse sofrimento, resolvi tentar sair desse quadro insano. Lembro que estava chegando o dia dos namorados e eu me prometi que n\u00e3o queria passar\u00a0aquela data nesse quadro ps\u00edquico t\u00e3o alterado. Afinal, eu estava de namorado novo.\u00a0N\u00e3o podia estragar mais esse namoro, com minhas inseguran\u00e7as e baixa auto-estima. Desta vez tinha arranjado o Felipe,\u00a0um cara\u00a0bem legal. Bom papo, sens\u00edvel e est\u00e1vel. N\u00e3o queria perder a chance de tentar ser feliz no amor.\u00a0H\u00e1 quanto tempo eu n\u00e3o sentia aquele friozinho na barriga!\u00a0J\u00e1 estava com trinta e cinco anos! A\u00a0sa\u00edda que achei mais saud\u00e1vel foi buscar ajuda terap\u00eautica. Uma amiga tinha me falado de um profissional muito competente, que havia feito\u00a0com que ela conseguisse mudan\u00e7as intensas em sua vida, atrav\u00e9s do processo a que ela se submeteu. Realmente eu percebi muitas mudan\u00e7as em suas atitudes\u00a0e uma express\u00e3o mais feliz! Fui l\u00e1. Come\u00e7amos as sess\u00f5es. Fui investigar quem era\u00a0aquela CRIAN\u00c7A DESAMPARADA que insistia em me visitar em noites mal dormidas. Fui entrando, devagarzinho,\u00a0em fragmentos de hist\u00f3rias emocionais\u00a0deterioradas e mal resolvidas. Coisas que ficaram ancoradas em meu cora\u00e7\u00e3o. Tive que conversar muito\u00a0com aquela triste menina! Entender e aceitar seus motivos e ang\u00fastias! Cuidar das feridas que sangravam. Oferecer todo o carinho e respeito que lhe negaram. Estamos nos tornando muito amigas! Sabe que estou tendo prazer em conhece-la?\u00a0A\u00a0menina j\u00e1 sorri e fala.\u00a0Chego a\u00a0chamar o pesadelo de sonho! QUEM DIRIA!<\/p>\n","protected":false},"excerpt":{"rendered":"<p>Estava ficando maluca. Minha cabe\u00e7a pesava tanto! O pesco\u00e7o estava\u00a0dolorido e fr\u00e1gil. Acordei naquela quarta-feira com a sensa\u00e7\u00e3o de\u00a0que um trator tinha passado sobre meu corpo! Estava de p\u00e9ssimo humor. Pudera, toda vez que aquele pesadelo acontecia, eu ficava p\u00e9ssima. Estava cada vez mais recorrente. A cena que ficava mais registrada era a da &#8221; &hellip; <a href=\"https:\/\/www.conversasdocoracao.com.br\/blog\/2019\/02\/21\/muito-prazer-um-sonho-de-auto-descoberta\/\" class=\"more-link\">Continue lendo<span class=\"screen-reader-text\"> &#8220;MUITO PRAZER! ( UM SONHO DE AUTO DESCOBERTA)&#8221;<\/span><\/a><\/p>\n","protected":false},"author":2,"featured_media":0,"comment_status":"open","ping_status":"open","sticky":false,"template":"","format":"standard","meta":[],"categories":[1],"tags":[],"_links":{"self":[{"href":"https:\/\/www.conversasdocoracao.com.br\/blog\/wp-json\/wp\/v2\/posts\/894"}],"collection":[{"href":"https:\/\/www.conversasdocoracao.com.br\/blog\/wp-json\/wp\/v2\/posts"}],"about":[{"href":"https:\/\/www.conversasdocoracao.com.br\/blog\/wp-json\/wp\/v2\/types\/post"}],"author":[{"embeddable":true,"href":"https:\/\/www.conversasdocoracao.com.br\/blog\/wp-json\/wp\/v2\/users\/2"}],"replies":[{"embeddable":true,"href":"https:\/\/www.conversasdocoracao.com.br\/blog\/wp-json\/wp\/v2\/comments?post=894"}],"version-history":[{"count":1,"href":"https:\/\/www.conversasdocoracao.com.br\/blog\/wp-json\/wp\/v2\/posts\/894\/revisions"}],"predecessor-version":[{"id":895,"href":"https:\/\/www.conversasdocoracao.com.br\/blog\/wp-json\/wp\/v2\/posts\/894\/revisions\/895"}],"wp:attachment":[{"href":"https:\/\/www.conversasdocoracao.com.br\/blog\/wp-json\/wp\/v2\/media?parent=894"}],"wp:term":[{"taxonomy":"category","embeddable":true,"href":"https:\/\/www.conversasdocoracao.com.br\/blog\/wp-json\/wp\/v2\/categories?post=894"},{"taxonomy":"post_tag","embeddable":true,"href":"https:\/\/www.conversasdocoracao.com.br\/blog\/wp-json\/wp\/v2\/tags?post=894"}],"curies":[{"name":"wp","href":"https:\/\/api.w.org\/{rel}","templated":true}]}}