{"id":90,"date":"2017-03-15T15:49:43","date_gmt":"2017-03-15T17:49:43","guid":{"rendered":"https:\/\/www.conversasdocoracao.com.br\/blog\/?p=90"},"modified":"2019-05-01T20:51:33","modified_gmt":"2019-05-01T22:51:33","slug":"isabel-e-dois-amores","status":"publish","type":"post","link":"https:\/\/www.conversasdocoracao.com.br\/blog\/2017\/03\/15\/isabel-e-dois-amores\/","title":{"rendered":"ISABEL E DOIS AMORES ( AMBIVALENCIA)"},"content":{"rendered":"<p>Num certo dia, em meu consult\u00f3rio, escutei a queixa de uma mulher intrigante. De uma beleza quase angelical! Seus olhos amendoados sorriam, enquanto seus l\u00e1bios tentavam contar sua hist\u00f3ria! Falava de uma forma l\u00fadica e criativa! Ria das situa\u00e7\u00f5es que dizia ter vivido como se fosse a hist\u00f3ria de uma\u00a0outra pessoa. Seu corpo expressava muita\u00a0rigidez. Suas palavras, atr\u00e1s de um sorriso, traziam dores, de rela\u00e7\u00f5es\u00a0mal resolvidas. Estava nitidamente\u00a0confusa e muito segura dessa confus\u00e3o. Dessa ambival\u00eancia em que se meteu &#8211; seus dois amores. Sorrindo e alterada, me perguntava como lidar com tantas sensa\u00e7\u00f5es e culpas. Falava sem parar, nem pausava a respira\u00e7\u00e3o. Quando finalmente conseguiu se aliviar dessa ansiedade,\u00a0 pude perceber a tristeza oculta, atr\u00e1s daquele olhar. Isabel, quando se sentiu\u00a0 acolhida, simplesmente se &#8220;desmanchou&#8221;! Chorou toda a\u00a0 \u00e1gua que estava afogando sua alma! Se\u00a0entregou e me entregou o cora\u00e7\u00e3o! Assim como uma crian\u00e7a fr\u00e1gil, insegura, buscou colo. Naquele momento, come\u00e7ou o processo de se conhecer melhor: rever escolhas e buscar preencher o vazio que escondia em seu olhar!<\/p>\n","protected":false},"excerpt":{"rendered":"<p>Num certo dia, em meu consult\u00f3rio, escutei a queixa de uma mulher intrigante. De uma beleza quase angelical! Seus olhos amendoados sorriam, enquanto seus l\u00e1bios tentavam contar sua hist\u00f3ria! Falava de uma forma l\u00fadica e criativa! Ria das situa\u00e7\u00f5es que dizia ter vivido como se fosse a hist\u00f3ria de uma\u00a0outra pessoa. Seu corpo expressava muita\u00a0rigidez. &hellip; <a href=\"https:\/\/www.conversasdocoracao.com.br\/blog\/2017\/03\/15\/isabel-e-dois-amores\/\" class=\"more-link\">Continue lendo<span class=\"screen-reader-text\"> &#8220;ISABEL E DOIS AMORES ( AMBIVALENCIA)&#8221;<\/span><\/a><\/p>\n","protected":false},"author":2,"featured_media":0,"comment_status":"open","ping_status":"open","sticky":false,"template":"","format":"standard","meta":[],"categories":[1],"tags":[],"_links":{"self":[{"href":"https:\/\/www.conversasdocoracao.com.br\/blog\/wp-json\/wp\/v2\/posts\/90"}],"collection":[{"href":"https:\/\/www.conversasdocoracao.com.br\/blog\/wp-json\/wp\/v2\/posts"}],"about":[{"href":"https:\/\/www.conversasdocoracao.com.br\/blog\/wp-json\/wp\/v2\/types\/post"}],"author":[{"embeddable":true,"href":"https:\/\/www.conversasdocoracao.com.br\/blog\/wp-json\/wp\/v2\/users\/2"}],"replies":[{"embeddable":true,"href":"https:\/\/www.conversasdocoracao.com.br\/blog\/wp-json\/wp\/v2\/comments?post=90"}],"version-history":[{"count":6,"href":"https:\/\/www.conversasdocoracao.com.br\/blog\/wp-json\/wp\/v2\/posts\/90\/revisions"}],"predecessor-version":[{"id":971,"href":"https:\/\/www.conversasdocoracao.com.br\/blog\/wp-json\/wp\/v2\/posts\/90\/revisions\/971"}],"wp:attachment":[{"href":"https:\/\/www.conversasdocoracao.com.br\/blog\/wp-json\/wp\/v2\/media?parent=90"}],"wp:term":[{"taxonomy":"category","embeddable":true,"href":"https:\/\/www.conversasdocoracao.com.br\/blog\/wp-json\/wp\/v2\/categories?post=90"},{"taxonomy":"post_tag","embeddable":true,"href":"https:\/\/www.conversasdocoracao.com.br\/blog\/wp-json\/wp\/v2\/tags?post=90"}],"curies":[{"name":"wp","href":"https:\/\/api.w.org\/{rel}","templated":true}]}}