{"id":931,"date":"2019-03-26T17:14:30","date_gmt":"2019-03-26T19:14:30","guid":{"rendered":"https:\/\/www.conversasdocoracao.com.br\/blog\/?p=931"},"modified":"2019-03-27T00:48:04","modified_gmt":"2019-03-27T02:48:04","slug":"convite-assassino-ausencia-de-ground","status":"publish","type":"post","link":"https:\/\/www.conversasdocoracao.com.br\/blog\/2019\/03\/26\/convite-assassino-ausencia-de-ground\/","title":{"rendered":"CONVITE ASSASSINO! (AUS\u00caNCIA DE GROUNDING)"},"content":{"rendered":"<p>Flagrei\u00a0 a paix\u00e3o de minha vida andando de m\u00e3os dadas, aos beijos, com uma outra pessoa. Isto n\u00e3o est\u00e1 acontecendo,\u00a0 eu pensei! N\u00e3o podia acreditar naquela realidade. Como pode o &#8220;amor de minha vida&#8221;, me matando, t\u00e3o cruelmente?!!! Perdi o ch\u00e3o! Perdi a raz\u00e3o! Orgulhosa como sou, n\u00e3o me expus. Com as pernas tr\u00eamulas, solu\u00e7os incontidos e uma dor lancinante no peito, mesmo assim, fugi dali! N\u00e3o daria o gosto dele me ver t\u00e3o fragilizada, t\u00e3o sem mim! Assim, enlouquecida, comecei a andar sem rumo, sem no\u00e7\u00e3o do tempo! Como se isso conseguisse afastar da ang\u00fastia de morte que sente uma mulher tra\u00edda. Depois de andar por muito tempo, consegui ouvir um som que gritava ainda mais alto que o meu cora\u00e7\u00e3o. Entrei na balada! Muitas luzes! Muito barulho! Parecia que as pessoas estavam numa catarse! Ningu\u00e9m enxergava ningu\u00e9m! Eu n\u00e3o era ningu\u00e9m! Apenas um n\u00famero a mais naquela loucura desenfreada. Entrei naquele movimento fren\u00e9tico, tamb\u00e9m. Meus bra\u00e7os come\u00e7aram a se levantar de um lado para o outro, como se eles fossem se soltar de meu corpo. Os quadris giravam! As pernas que estavam tr\u00eamulas, at\u00e9 ent\u00e3o, pulavam do ch\u00e3o, restabelecendo a circula\u00e7\u00e3o energ\u00e9tica perdida. Da garganta foi surgindo um som gutural e, como um \u00edndio, me entreguei toda! N\u00e3o queria ser mais eu! Eu era o grupo! Assim se passaram duas horas, ininterruptas&#8230; Quando retomei a lucidez, estava sentada no ch\u00e3o com um rapaz tentando me beijar. Me assustei e reagi abruptamente. Me afastei dele. Seu rosto estava encoberto por barba mal feita. Cheirava \u00e1lcool e maconha! Ele, um\u00a0 atrevido carente! Fingindo n\u00e3o entender que eu o rejeitei, me ofereceu droga e insistiu que pelo menos eu provasse! Fez um discurso de quanto ele achava aquilo libertador! Disse que percebeu a minha tristeza e que essa era a forma que ele conhecia de se aliviar o cora\u00e7\u00e3o. Naquele momento, consegui olhar o ser humano que estava ali. Tinha mais ou menos a minha idade e sua atitude estava falando um pouco de suas dores. Percebi como ele estava pior que eu! Esqueci da minha ferida! Foquei naquele homem-menino. Que hist\u00f3rias o tinham conduzido para aquele caminho? Pensei em minha m\u00e3e. Mulher guerreira que insistiu\u00a0em me ensinar a guerrear, ME AFASTAR DE DROGAS! Senti empatia! Senti com se fosse uma retomada de consci\u00eancia!\u00a0 A for\u00e7a retomada! Me reapropriei de mim! Nunca mais olhei a cara do traidor! Retomei meus projetos de vida. Artur, o dono do convite assassino? Depois de um bom tratamento, desistiu de se matar! HOJE\u00a0 ELE ME LEVA AOS C\u00c9US!<\/p>\n","protected":false},"excerpt":{"rendered":"<p>Flagrei\u00a0 a paix\u00e3o de minha vida andando de m\u00e3os dadas, aos beijos, com uma outra pessoa. Isto n\u00e3o est\u00e1 acontecendo,\u00a0 eu pensei! N\u00e3o podia acreditar naquela realidade. Como pode o &#8220;amor de minha vida&#8221;, me matando, t\u00e3o cruelmente?!!! Perdi o ch\u00e3o! Perdi a raz\u00e3o! Orgulhosa como sou, n\u00e3o me expus. Com as pernas tr\u00eamulas, solu\u00e7os &hellip; <a href=\"https:\/\/www.conversasdocoracao.com.br\/blog\/2019\/03\/26\/convite-assassino-ausencia-de-ground\/\" class=\"more-link\">Continue lendo<span class=\"screen-reader-text\"> &#8220;CONVITE ASSASSINO! (AUS\u00caNCIA DE GROUNDING)&#8221;<\/span><\/a><\/p>\n","protected":false},"author":2,"featured_media":0,"comment_status":"open","ping_status":"open","sticky":false,"template":"","format":"standard","meta":[],"categories":[1],"tags":[],"_links":{"self":[{"href":"https:\/\/www.conversasdocoracao.com.br\/blog\/wp-json\/wp\/v2\/posts\/931"}],"collection":[{"href":"https:\/\/www.conversasdocoracao.com.br\/blog\/wp-json\/wp\/v2\/posts"}],"about":[{"href":"https:\/\/www.conversasdocoracao.com.br\/blog\/wp-json\/wp\/v2\/types\/post"}],"author":[{"embeddable":true,"href":"https:\/\/www.conversasdocoracao.com.br\/blog\/wp-json\/wp\/v2\/users\/2"}],"replies":[{"embeddable":true,"href":"https:\/\/www.conversasdocoracao.com.br\/blog\/wp-json\/wp\/v2\/comments?post=931"}],"version-history":[{"count":6,"href":"https:\/\/www.conversasdocoracao.com.br\/blog\/wp-json\/wp\/v2\/posts\/931\/revisions"}],"predecessor-version":[{"id":937,"href":"https:\/\/www.conversasdocoracao.com.br\/blog\/wp-json\/wp\/v2\/posts\/931\/revisions\/937"}],"wp:attachment":[{"href":"https:\/\/www.conversasdocoracao.com.br\/blog\/wp-json\/wp\/v2\/media?parent=931"}],"wp:term":[{"taxonomy":"category","embeddable":true,"href":"https:\/\/www.conversasdocoracao.com.br\/blog\/wp-json\/wp\/v2\/categories?post=931"},{"taxonomy":"post_tag","embeddable":true,"href":"https:\/\/www.conversasdocoracao.com.br\/blog\/wp-json\/wp\/v2\/tags?post=931"}],"curies":[{"name":"wp","href":"https:\/\/api.w.org\/{rel}","templated":true}]}}